{"id":695,"date":"2025-05-08T23:09:00","date_gmt":"2025-05-08T23:09:00","guid":{"rendered":"https:\/\/appsa.misiones.gob.ar\/?p=695"},"modified":"2026-03-27T23:10:09","modified_gmt":"2026-03-27T23:10:09","slug":"recibimos-en-el-puerto-de-posadas-a-autoridades-de-la-fundacion-mediterranea-y-el-ieral","status":"publish","type":"post","link":"https:\/\/appsa.misiones.gob.ar\/index.php\/2025\/05\/08\/recibimos-en-el-puerto-de-posadas-a-autoridades-de-la-fundacion-mediterranea-y-el-ieral\/","title":{"rendered":"Recibimos en el Puerto de Posadas a Autoridades de la Fundaci\u00f3n Mediterr\u00e1nea y el IERAL."},"content":{"rendered":"\n<p>Con la presencia del Vicepresidente de Fundaci\u00f3n Mediterr\u00e1nea, el titular del Nea autoridades Nacionales y Locales de la misma y del Instituto de Estudios sobre la Realidad Argentina y Latinoamericana (IERAL) y empresarios de la Regi\u00f3n se desarroll\u00f3 una mesa de trabajo en el Puerto de Posadas.-<\/p>\n\n\n\n<p>Como eje tem\u00e1tico se abord\u00f3 las posibilidades de trabajo conjunto para el desarrollo de la log\u00edstica regional a trav\u00e9s del Puerto de Posadas en una asociatividad publico privada. Se expusieron las oportunidades y beneficios que ofrece el desarrollo de la log\u00edstica fluvial, tanto para la exportaci\u00f3n, importaci\u00f3n como para la conectividad con los principales mercados nacionales y regionales.<\/p>\n\n\n\n<p>Posteriormente se recorrieron las instalaciones del Puerto de Posadas y del flamante Deposito Fiscal, que en breve comenzara a operar, un paso clave para la econom\u00eda regional y para seguir posicionando a Misiones como un nodo estrat\u00e9gico del comercio internacional.<\/p>\n\n\n\n<p>La Administraci\u00f3n Portuaria de Posadas y Santa Ana, la Fundaci\u00f3n Mediterr\u00e1nea y el IERAL reafirman un compromiso com\u00fan de seguir trabajando para el desarrollo productivo del Pa\u00eds en un dialogo abierto y constante entre el sector P\u00fablico y Privado.<\/p>\n","protected":false},"excerpt":{"rendered":"<p>Con la presencia del Vicepresidente de Fundaci\u00f3n Mediterr\u00e1nea, el titular del Nea autoridades Nacionales y Locales de la misma y del Instituto de Estudios sobre la Realidad Argentina y Latinoamericana (IERAL) y empresarios de la Regi\u00f3n se desarroll\u00f3 una mesa de trabajo en el Puerto de Posadas.- Como eje tem\u00e1tico se abord\u00f3 las posibilidades de [&hellip;]<\/p>\n","protected":false},"author":4,"featured_media":346,"comment_status":"open","ping_status":"open","sticky":false,"template":"","format":"standard","meta":{"footnotes":""},"categories":[6],"tags":[],"class_list":["post-695","post","type-post","status-publish","format-standard","has-post-thumbnail","hentry","category-novedades"],"_links":{"self":[{"href":"https:\/\/appsa.misiones.gob.ar\/index.php\/wp-json\/wp\/v2\/posts\/695","targetHints":{"allow":["GET"]}}],"collection":[{"href":"https:\/\/appsa.misiones.gob.ar\/index.php\/wp-json\/wp\/v2\/posts"}],"about":[{"href":"https:\/\/appsa.misiones.gob.ar\/index.php\/wp-json\/wp\/v2\/types\/post"}],"author":[{"embeddable":true,"href":"https:\/\/appsa.misiones.gob.ar\/index.php\/wp-json\/wp\/v2\/users\/4"}],"replies":[{"embeddable":true,"href":"https:\/\/appsa.misiones.gob.ar\/index.php\/wp-json\/wp\/v2\/comments?post=695"}],"version-history":[{"count":1,"href":"https:\/\/appsa.misiones.gob.ar\/index.php\/wp-json\/wp\/v2\/posts\/695\/revisions"}],"predecessor-version":[{"id":696,"href":"https:\/\/appsa.misiones.gob.ar\/index.php\/wp-json\/wp\/v2\/posts\/695\/revisions\/696"}],"wp:featuredmedia":[{"embeddable":true,"href":"https:\/\/appsa.misiones.gob.ar\/index.php\/wp-json\/wp\/v2\/media\/346"}],"wp:attachment":[{"href":"https:\/\/appsa.misiones.gob.ar\/index.php\/wp-json\/wp\/v2\/media?parent=695"}],"wp:term":[{"taxonomy":"category","embeddable":true,"href":"https:\/\/appsa.misiones.gob.ar\/index.php\/wp-json\/wp\/v2\/categories?post=695"},{"taxonomy":"post_tag","embeddable":true,"href":"https:\/\/appsa.misiones.gob.ar\/index.php\/wp-json\/wp\/v2\/tags?post=695"}],"curies":[{"name":"wp","href":"https:\/\/api.w.org\/{rel}","templated":true}]}}